{"id":1204,"date":"2010-09-24T12:01:13","date_gmt":"2010-09-24T10:01:13","guid":{"rendered":"http:\/\/www.urlaub-auf-moenchgut.de\/?p=1204"},"modified":"2010-10-23T12:52:53","modified_gmt":"2010-10-23T10:52:53","slug":"gourmet-festival","status":"publish","type":"post","link":"https:\/\/www.urlaub-auf-moenchgut.de\/?p=1204","title":{"rendered":"Gourmet-Festival"},"content":{"rendered":"<p><strong>auf der Seebr\u00fccke in Sellin am 9.10.2010<\/strong><a href=\"http:\/\/www.seebrueckesellin.de\/sites\/gourmet_festival.html\" target=\"_blank\"> &#8211;&gt;<\/a><\/p>\n<p style=\"text-align: center;\"><a href=\"http:\/\/www.urlaub-auf-moenchgut.de\/wp-content\/uploads\/2010\/09\/gourmet-festival.jpg\"><img loading=\"lazy\" decoding=\"async\" class=\"size-medium wp-image-1205 alignnone\" style=\"border: 1px solid #f5ba5e; margin: 0px 6px;\" title=\"gourmet-festival\" src=\"http:\/\/www.urlaub-auf-moenchgut.de\/wp-content\/uploads\/2010\/09\/gourmet-festival-243x300.jpg\" alt=\"\" width=\"243\" height=\"300\" srcset=\"https:\/\/www.urlaub-auf-moenchgut.de\/wp-content\/uploads\/2010\/09\/gourmet-festival-243x300.jpg 243w, https:\/\/www.urlaub-auf-moenchgut.de\/wp-content\/uploads\/2010\/09\/gourmet-festival.jpg 584w\" sizes=\"auto, (max-width: 243px) 100vw, 243px\" \/><\/a><\/p>\n<p style=\"text-align: center;\"><span style=\"font-size: x-small;\">[zur Vergr\u00f6\u00dferung aufs Bild klicken]<\/span><\/p>\n<p>Anmeldungen werden erbeten unter Tel.Nr.: 038303 &#8211; 929600  oder per <a href=\"http:\/\/www.seebrueckesellin.de\/sites\/kontakt.html\" target=\"_blank\">Kontaktformular<\/a><\/p>\n","protected":false},"excerpt":{"rendered":"<p>auf der Seebr\u00fccke in Sellin am 9.10.2010 &#8211;&gt; [zur Vergr\u00f6\u00dferung aufs Bild klicken] Anmeldungen werden erbeten unter Tel.Nr.: 038303 &#8211; 929600 oder per Kontaktformular<\/p>\n","protected":false},"author":2,"featured_media":0,"comment_status":"open","ping_status":"open","sticky":false,"template":"","format":"standard","meta":{"ngg_post_thumbnail":0,"footnotes":""},"categories":[82],"tags":[83,85,86,84],"class_list":["post-1204","post","type-post","status-publish","format-standard","hentry","category-veranstaltungen","tag-gourmetfestival","tag-kulinarische-leckerbissen","tag-pianist-phillip-rubin-und-band","tag-seebrucke-sellin"],"_links":{"self":[{"href":"https:\/\/www.urlaub-auf-moenchgut.de\/index.php?rest_route=\/wp\/v2\/posts\/1204","targetHints":{"allow":["GET"]}}],"collection":[{"href":"https:\/\/www.urlaub-auf-moenchgut.de\/index.php?rest_route=\/wp\/v2\/posts"}],"about":[{"href":"https:\/\/www.urlaub-auf-moenchgut.de\/index.php?rest_route=\/wp\/v2\/types\/post"}],"author":[{"embeddable":true,"href":"https:\/\/www.urlaub-auf-moenchgut.de\/index.php?rest_route=\/wp\/v2\/users\/2"}],"replies":[{"embeddable":true,"href":"https:\/\/www.urlaub-auf-moenchgut.de\/index.php?rest_route=%2Fwp%2Fv2%2Fcomments&post=1204"}],"version-history":[{"count":3,"href":"https:\/\/www.urlaub-auf-moenchgut.de\/index.php?rest_route=\/wp\/v2\/posts\/1204\/revisions"}],"predecessor-version":[{"id":1208,"href":"https:\/\/www.urlaub-auf-moenchgut.de\/index.php?rest_route=\/wp\/v2\/posts\/1204\/revisions\/1208"}],"wp:attachment":[{"href":"https:\/\/www.urlaub-auf-moenchgut.de\/index.php?rest_route=%2Fwp%2Fv2%2Fmedia&parent=1204"}],"wp:term":[{"taxonomy":"category","embeddable":true,"href":"https:\/\/www.urlaub-auf-moenchgut.de\/index.php?rest_route=%2Fwp%2Fv2%2Fcategories&post=1204"},{"taxonomy":"post_tag","embeddable":true,"href":"https:\/\/www.urlaub-auf-moenchgut.de\/index.php?rest_route=%2Fwp%2Fv2%2Ftags&post=1204"}],"curies":[{"name":"wp","href":"https:\/\/api.w.org\/{rel}","templated":true}]}}